{"id":16103,"date":"2019-10-08T09:27:21","date_gmt":"2019-10-08T07:27:21","guid":{"rendered":"https:\/\/essense.coffee\/le-finali-spagnole-del-campionato-aeropress-2019\/"},"modified":"2020-03-04T10:24:14","modified_gmt":"2020-03-04T09:24:14","slug":"le-finali-spagnole-del-campionato-aeropress-2019","status":"publish","type":"post","link":"https:\/\/essense.coffee\/it\/le-finali-spagnole-del-campionato-aeropress-2019\/","title":{"rendered":"LE FINALI SPAGNOLE DEL CAMPIONATO AEROPRESS 2019"},"content":{"rendered":"<p>[vc_row][vc_column][vc_column_text spacing_heading=&#8221;&#8221; spacing_heading_tab=&#8221;&#8221; spacing_heading_mobile=&#8221;&#8221;]Quest\u2019anno, la Spagna va forte nel mondo del caff\u00e8, infatti ospiter\u00e0 questo sabato ( il 12 di ottobre) la pi\u00f9 grande competizione di <strong>Aeropress<\/strong> della storia all\u2019 Impact Hub Gobernador di Madrid.<\/p>\n<p>Questa competizione \u00e8 aperta a tutti i residenti spagnoli indipendentemente dalla loro nazionalit\u00e0. <a href=\"http:\/\/spainaeropresschampionship.com\/champs\" target=\"_blank\" rel=\"nofollow noopener noreferrer\">Qui<\/a>\u00a0puoi vedere tutti i vincitori delle passate edizioni ed i vincitori regionali che parteciperanno alla finale a Madrid.<\/p>\n<p>Un altro aspetto molto interessante di questo incontro \u00e8 il modo in cui gli organizzatori decidono quale caff\u00e8 sar\u00e0 usato dai partecipanti durante la finale. Loro la chiamano la Blind Philosophy. Facendo cos\u00ec l\u2019aspetto pi\u00f9 importante diventa il gusto e non chi l\u2019ha fatto o come si presenta.<\/p>\n<p>I torrefattori inviano un campione di 250 grammi del loro miglior caff\u00e8 specialty, il quale sar\u00e0 giudicato da vari esperti nell\u2019assaggio del caff\u00e8.<\/p>\n<p>Una giuria composta da giudici indipendenti ha il compito di fare la selezione, seguendo attentamente un protocollo di assaggio concentrato sull\u2019esperienza, che garantisce l\u2019assoluta equit\u00e0 tra i torrefattori in gara. In questo modo, l\u2019unico focus della degustazione \u00e8 il caff\u00e8 e questo permette un giudizio imparziale, arrivando cos\u00ec a scegliere davvero il migliore tra i caff\u00e8 presentati.<\/p>\n<p>Per ulteriori informazioni sulla competizione dei torrefattori <a href=\"http:\/\/spainaeropresschampionship.com\/roaster\" target=\"_blank\" rel=\"nofollow noopener noreferrer\">clicca qui<\/a>.<\/p>\n<p>L\u2019importanza e il successo di questo evento e la sua crescita attraverso gli anni si possono far risalire a Carlos Zavala. Lui \u00e8 il coordinatore nazionale per il campionato AeroPress ed \u00e8 stato campione spagnolo AeroPress del 2016.<\/p>\n<p>Dai un&#8217;occhiata al team organizzativo dell&#8217;evento<a href=\"http:\/\/spainaeropresschampionship.com\/team2019\" target=\"_blank\" rel=\"nofollow noopener noreferrer\"> qui<\/a>.[\/vc_column_text][\/vc_column][\/vc_row][vc_row][vc_column]<div class=\" agni-image custom-image-container agni-image-default text-center\">\r\n\t\t\t<figure class=\"agni-image-figure\">\r\n\t\t\t\t<img  width=\"300\" height=\"300\" src=\"https:\/\/essense.coffee\/wp-content\/uploads\/2019\/10\/Gold-Aeropress.png\" class=\"fullwidth-image attachment-full  attachment-full\" alt=\"Golden AeroPress for the winner\" decoding=\"async\" title=\"Gold Aeropress\" loading=\"lazy\" srcset=\"https:\/\/essense.coffee\/wp-content\/uploads\/2019\/10\/Gold-Aeropress.png 300w, https:\/\/essense.coffee\/wp-content\/uploads\/2019\/10\/Gold-Aeropress-150x150.png 150w, https:\/\/essense.coffee\/wp-content\/uploads\/2019\/10\/Gold-Aeropress-100x100.png 100w\" sizes=\"(max-width: 300px) 100vw, 300px\" \/>\r\n\t\t\t\t<figcaption class=\"vc_figure-caption\">Golden AeroPress for the Champion.<\/figcaption>\r\n\t\t\t<\/figure>\r\n\t\t<\/div>[\/vc_column][\/vc_row][vc_row][vc_column][vc_column_text]<\/p>\n<h5>Chi vincer\u00e0 il Golden Aeropress quest&#8217;anno?<\/h5>\n<p>&nbsp;<\/p>\n<p>Il campione di Aeropress di ogni paese andr\u00e0 al W.A.C (World AeroPress Championship) per mettere la propria ricetta alla prova. Avendo sconfitto migliaia di avversari nei loro paesi, tutti i campioni nazionali saliranno sul palco che li vedr\u00e0 combattere per scoprire la ricetta AeroPress vincitrice del mondo del 2019. Tutto ci\u00f2 gli occhi degli appassionati del mondo del caff\u00e8.<\/p>\n<p>Scopri di pi\u00f9 sul <a href=\"https:\/\/www.worldaeropresschampionship.com\/\" target=\"_blank\" rel=\"nofollow noopener noreferrer\">World AeroPress Championship<\/a>.<\/p>\n<p>Noi amiamo questa competizione cos\u00ec tanto che abbiamo deciso di premiare il vincitore con <a href=\"https:\/\/essense.coffee\/it\/product\/brrrewer-essense\/\" target=\"_blank\" rel=\"noopener noreferrer\">BRRREWER<\/a>, che sicuramente lo user\u00e0 in futuro per preparare un cold brew con ricette interessanti.<\/p>\n<p>Aggiorneremo questo articolo non appena il vincitore sar\u00e0 annunciato.<\/p>\n<p>Fateci sapere nei commenti qui sotto se avete intenzione di partecipare all\u2019evento![\/vc_column_text][\/vc_column][\/vc_row]<\/p>\n","protected":false},"excerpt":{"rendered":"<p>Quest&#8217;anno (2019) lo Spanish AeroPress Championship sar\u00e0 il pi\u00f9 grande di sempre con 267 registrazioni! Noi premieremo il vincitore con un BRRREWER, quindi dai un&#8217;occhiata all&#8217;articolo per scoprire cose stupende su questo evento.<\/p>\n","protected":false},"author":3,"featured_media":13979,"comment_status":"open","ping_status":"open","sticky":false,"template":"","format":"standard","meta":{"footnotes":""},"categories":[253],"tags":[254],"yoast_head":"<!-- This site is optimized with the Yoast SEO plugin v21.2 - https:\/\/yoast.com\/wordpress\/plugins\/seo\/ -->\n<title>LE FINALI SPAGNOLE DEL CAMPIONATO AEROPRESS 2019 - Essense Coffee<\/title>\n<meta name=\"robots\" content=\"index, follow, max-snippet:-1, max-image-preview:large, max-video-preview:-1\" \/>\n<link rel=\"canonical\" href=\"https:\/\/essense.coffee\/it\/le-finali-spagnole-del-campionato-aeropress-2019\/\" \/>\n<meta property=\"og:locale\" content=\"it_IT\" \/>\n<meta property=\"og:type\" content=\"article\" \/>\n<meta property=\"og:title\" content=\"LE FINALI SPAGNOLE DEL CAMPIONATO AEROPRESS 2019 - Essense Coffee\" \/>\n<meta property=\"og:description\" content=\"Quest&#039;anno (2019) lo Spanish AeroPress Championship sar\u00e0 il pi\u00f9 grande di sempre con 267 registrazioni! Noi premieremo il vincitore con un BRRREWER, quindi dai un&#039;occhiata all&#039;articolo per scoprire cose stupende su questo evento.\" \/>\n<meta property=\"og:url\" content=\"https:\/\/essense.coffee\/it\/le-finali-spagnole-del-campionato-aeropress-2019\/\" \/>\n<meta property=\"og:site_name\" content=\"Essense Coffee\" \/>\n<meta property=\"article:published_time\" content=\"2019-10-08T07:27:21+00:00\" \/>\n<meta property=\"article:modified_time\" content=\"2020-03-04T09:24:14+00:00\" \/>\n<meta property=\"og:image\" content=\"https:\/\/essense.coffee\/wp-content\/uploads\/2019\/10\/Spain-Aeropress.jpg\" \/>\n\t<meta property=\"og:image:width\" content=\"1875\" \/>\n\t<meta property=\"og:image:height\" content=\"800\" \/>\n\t<meta property=\"og:image:type\" content=\"image\/jpeg\" \/>\n<meta name=\"author\" content=\"Essense\" \/>\n<meta name=\"twitter:card\" content=\"summary_large_image\" \/>\n<meta name=\"twitter:label1\" content=\"Scritto da\" \/>\n\t<meta name=\"twitter:data1\" content=\"Essense\" \/>\n\t<meta name=\"twitter:label2\" content=\"Tempo di lettura stimato\" \/>\n\t<meta name=\"twitter:data2\" content=\"2 minuti\" \/>\n<script type=\"application\/ld+json\" class=\"yoast-schema-graph\">{\"@context\":\"https:\/\/schema.org\",\"@graph\":[{\"@type\":\"Article\",\"@id\":\"https:\/\/essense.coffee\/it\/le-finali-spagnole-del-campionato-aeropress-2019\/#article\",\"isPartOf\":{\"@id\":\"https:\/\/essense.coffee\/it\/le-finali-spagnole-del-campionato-aeropress-2019\/\"},\"author\":{\"name\":\"Essense\",\"@id\":\"https:\/\/essense.coffee\/it\/#\/schema\/person\/ae58f1179b28b024e8c008debb99f2a7\"},\"headline\":\"LE FINALI SPAGNOLE DEL CAMPIONATO AEROPRESS 2019\",\"datePublished\":\"2019-10-08T07:27:21+00:00\",\"dateModified\":\"2020-03-04T09:24:14+00:00\",\"mainEntityOfPage\":{\"@id\":\"https:\/\/essense.coffee\/it\/le-finali-spagnole-del-campionato-aeropress-2019\/\"},\"wordCount\":432,\"commentCount\":0,\"publisher\":{\"@id\":\"https:\/\/essense.coffee\/it\/#organization\"},\"keywords\":[\"AeroPress\"],\"articleSection\":[\"AeroPress\"],\"inLanguage\":\"it-IT\",\"potentialAction\":[{\"@type\":\"CommentAction\",\"name\":\"Comment\",\"target\":[\"https:\/\/essense.coffee\/it\/le-finali-spagnole-del-campionato-aeropress-2019\/#respond\"]}]},{\"@type\":\"WebPage\",\"@id\":\"https:\/\/essense.coffee\/it\/le-finali-spagnole-del-campionato-aeropress-2019\/\",\"url\":\"https:\/\/essense.coffee\/it\/le-finali-spagnole-del-campionato-aeropress-2019\/\",\"name\":\"LE FINALI SPAGNOLE DEL CAMPIONATO AEROPRESS 2019 - Essense Coffee\",\"isPartOf\":{\"@id\":\"https:\/\/essense.coffee\/it\/#website\"},\"datePublished\":\"2019-10-08T07:27:21+00:00\",\"dateModified\":\"2020-03-04T09:24:14+00:00\",\"inLanguage\":\"it-IT\",\"potentialAction\":[{\"@type\":\"ReadAction\",\"target\":[\"https:\/\/essense.coffee\/it\/le-finali-spagnole-del-campionato-aeropress-2019\/\"]}]},{\"@type\":\"WebSite\",\"@id\":\"https:\/\/essense.coffee\/it\/#website\",\"url\":\"https:\/\/essense.coffee\/it\/\",\"name\":\"Essense Coffee\",\"description\":\"The best coffee instruments and our very own single-portioned coffee for every brewing method.\",\"publisher\":{\"@id\":\"https:\/\/essense.coffee\/it\/#organization\"},\"potentialAction\":[{\"@type\":\"SearchAction\",\"target\":{\"@type\":\"EntryPoint\",\"urlTemplate\":\"https:\/\/essense.coffee\/it\/?s={search_term_string}\"},\"query-input\":\"required name=search_term_string\"}],\"inLanguage\":\"it-IT\"},{\"@type\":\"Organization\",\"@id\":\"https:\/\/essense.coffee\/it\/#organization\",\"name\":\"Essense Coffee\",\"url\":\"https:\/\/essense.coffee\/it\/\",\"logo\":{\"@type\":\"ImageObject\",\"inLanguage\":\"it-IT\",\"@id\":\"https:\/\/essense.coffee\/it\/#\/schema\/logo\/image\/\",\"url\":\"https:\/\/essense.coffee\/wp-content\/uploads\/2020\/05\/Logo-Essense-300x300-1.jpg\",\"contentUrl\":\"https:\/\/essense.coffee\/wp-content\/uploads\/2020\/05\/Logo-Essense-300x300-1.jpg\",\"width\":300,\"height\":300,\"caption\":\"Essense Coffee\"},\"image\":{\"@id\":\"https:\/\/essense.coffee\/it\/#\/schema\/logo\/image\/\"}},{\"@type\":\"Person\",\"@id\":\"https:\/\/essense.coffee\/it\/#\/schema\/person\/ae58f1179b28b024e8c008debb99f2a7\",\"name\":\"Essense\",\"url\":\"https:\/\/essense.coffee\/it\/author\/essense\/\"}]}<\/script>\n<!-- \/ Yoast SEO plugin. -->","yoast_head_json":{"title":"LE FINALI SPAGNOLE DEL CAMPIONATO AEROPRESS 2019 - Essense Coffee","robots":{"index":"index","follow":"follow","max-snippet":"max-snippet:-1","max-image-preview":"max-image-preview:large","max-video-preview":"max-video-preview:-1"},"canonical":"https:\/\/essense.coffee\/it\/le-finali-spagnole-del-campionato-aeropress-2019\/","og_locale":"it_IT","og_type":"article","og_title":"LE FINALI SPAGNOLE DEL CAMPIONATO AEROPRESS 2019 - Essense Coffee","og_description":"Quest'anno (2019) lo Spanish AeroPress Championship sar\u00e0 il pi\u00f9 grande di sempre con 267 registrazioni! Noi premieremo il vincitore con un BRRREWER, quindi dai un'occhiata all'articolo per scoprire cose stupende su questo evento.","og_url":"https:\/\/essense.coffee\/it\/le-finali-spagnole-del-campionato-aeropress-2019\/","og_site_name":"Essense Coffee","article_published_time":"2019-10-08T07:27:21+00:00","article_modified_time":"2020-03-04T09:24:14+00:00","og_image":[{"width":1875,"height":800,"url":"https:\/\/essense.coffee\/wp-content\/uploads\/2019\/10\/Spain-Aeropress.jpg","type":"image\/jpeg"}],"author":"Essense","twitter_card":"summary_large_image","twitter_misc":{"Scritto da":"Essense","Tempo di lettura stimato":"2 minuti"},"schema":{"@context":"https:\/\/schema.org","@graph":[{"@type":"Article","@id":"https:\/\/essense.coffee\/it\/le-finali-spagnole-del-campionato-aeropress-2019\/#article","isPartOf":{"@id":"https:\/\/essense.coffee\/it\/le-finali-spagnole-del-campionato-aeropress-2019\/"},"author":{"name":"Essense","@id":"https:\/\/essense.coffee\/it\/#\/schema\/person\/ae58f1179b28b024e8c008debb99f2a7"},"headline":"LE FINALI SPAGNOLE DEL CAMPIONATO AEROPRESS 2019","datePublished":"2019-10-08T07:27:21+00:00","dateModified":"2020-03-04T09:24:14+00:00","mainEntityOfPage":{"@id":"https:\/\/essense.coffee\/it\/le-finali-spagnole-del-campionato-aeropress-2019\/"},"wordCount":432,"commentCount":0,"publisher":{"@id":"https:\/\/essense.coffee\/it\/#organization"},"keywords":["AeroPress"],"articleSection":["AeroPress"],"inLanguage":"it-IT","potentialAction":[{"@type":"CommentAction","name":"Comment","target":["https:\/\/essense.coffee\/it\/le-finali-spagnole-del-campionato-aeropress-2019\/#respond"]}]},{"@type":"WebPage","@id":"https:\/\/essense.coffee\/it\/le-finali-spagnole-del-campionato-aeropress-2019\/","url":"https:\/\/essense.coffee\/it\/le-finali-spagnole-del-campionato-aeropress-2019\/","name":"LE FINALI SPAGNOLE DEL CAMPIONATO AEROPRESS 2019 - Essense Coffee","isPartOf":{"@id":"https:\/\/essense.coffee\/it\/#website"},"datePublished":"2019-10-08T07:27:21+00:00","dateModified":"2020-03-04T09:24:14+00:00","inLanguage":"it-IT","potentialAction":[{"@type":"ReadAction","target":["https:\/\/essense.coffee\/it\/le-finali-spagnole-del-campionato-aeropress-2019\/"]}]},{"@type":"WebSite","@id":"https:\/\/essense.coffee\/it\/#website","url":"https:\/\/essense.coffee\/it\/","name":"Essense Coffee","description":"The best coffee instruments and our very own single-portioned coffee for every brewing method.","publisher":{"@id":"https:\/\/essense.coffee\/it\/#organization"},"potentialAction":[{"@type":"SearchAction","target":{"@type":"EntryPoint","urlTemplate":"https:\/\/essense.coffee\/it\/?s={search_term_string}"},"query-input":"required name=search_term_string"}],"inLanguage":"it-IT"},{"@type":"Organization","@id":"https:\/\/essense.coffee\/it\/#organization","name":"Essense Coffee","url":"https:\/\/essense.coffee\/it\/","logo":{"@type":"ImageObject","inLanguage":"it-IT","@id":"https:\/\/essense.coffee\/it\/#\/schema\/logo\/image\/","url":"https:\/\/essense.coffee\/wp-content\/uploads\/2020\/05\/Logo-Essense-300x300-1.jpg","contentUrl":"https:\/\/essense.coffee\/wp-content\/uploads\/2020\/05\/Logo-Essense-300x300-1.jpg","width":300,"height":300,"caption":"Essense Coffee"},"image":{"@id":"https:\/\/essense.coffee\/it\/#\/schema\/logo\/image\/"}},{"@type":"Person","@id":"https:\/\/essense.coffee\/it\/#\/schema\/person\/ae58f1179b28b024e8c008debb99f2a7","name":"Essense","url":"https:\/\/essense.coffee\/it\/author\/essense\/"}]}},"_links":{"self":[{"href":"https:\/\/essense.coffee\/it\/wp-json\/wp\/v2\/posts\/16103"}],"collection":[{"href":"https:\/\/essense.coffee\/it\/wp-json\/wp\/v2\/posts"}],"about":[{"href":"https:\/\/essense.coffee\/it\/wp-json\/wp\/v2\/types\/post"}],"author":[{"embeddable":true,"href":"https:\/\/essense.coffee\/it\/wp-json\/wp\/v2\/users\/3"}],"replies":[{"embeddable":true,"href":"https:\/\/essense.coffee\/it\/wp-json\/wp\/v2\/comments?post=16103"}],"version-history":[{"count":4,"href":"https:\/\/essense.coffee\/it\/wp-json\/wp\/v2\/posts\/16103\/revisions"}],"predecessor-version":[{"id":16107,"href":"https:\/\/essense.coffee\/it\/wp-json\/wp\/v2\/posts\/16103\/revisions\/16107"}],"wp:featuredmedia":[{"embeddable":true,"href":"https:\/\/essense.coffee\/it\/wp-json\/wp\/v2\/media\/13979"}],"wp:attachment":[{"href":"https:\/\/essense.coffee\/it\/wp-json\/wp\/v2\/media?parent=16103"}],"wp:term":[{"taxonomy":"category","embeddable":true,"href":"https:\/\/essense.coffee\/it\/wp-json\/wp\/v2\/categories?post=16103"},{"taxonomy":"post_tag","embeddable":true,"href":"https:\/\/essense.coffee\/it\/wp-json\/wp\/v2\/tags?post=16103"}],"curies":[{"name":"wp","href":"https:\/\/api.w.org\/{rel}","templated":true}]}}